{"id":119,"date":"2020-04-16T10:16:08","date_gmt":"2020-04-16T10:16:08","guid":{"rendered":"http:\/\/lapalabraliberada.es\/?p=119"},"modified":"2020-04-16T10:17:56","modified_gmt":"2020-04-16T10:17:56","slug":"todo-nos-afecta-a-todos","status":"publish","type":"post","link":"https:\/\/lapalabraliberada.es\/?p=119","title":{"rendered":"Todo nos afecta a todos"},"content":{"rendered":"\n<p>Art\u00edculo de Jacqueline Alencar <\/p>\n\n\n\n<figure class=\"wp-block-image size-large\"><img loading=\"lazy\" decoding=\"async\" width=\"1024\" height=\"609\" src=\"http:\/\/lapalabraliberada.es\/wp-content\/uploads\/2020\/04\/IMG_2853-1-1024x609.jpg\" alt=\"\" class=\"wp-image-122\" srcset=\"https:\/\/lapalabraliberada.es\/wp-content\/uploads\/2020\/04\/IMG_2853-1-1024x609.jpg 1024w, https:\/\/lapalabraliberada.es\/wp-content\/uploads\/2020\/04\/IMG_2853-1-300x178.jpg 300w, https:\/\/lapalabraliberada.es\/wp-content\/uploads\/2020\/04\/IMG_2853-1-768x457.jpg 768w, https:\/\/lapalabraliberada.es\/wp-content\/uploads\/2020\/04\/IMG_2853-1-1536x914.jpg 1536w, https:\/\/lapalabraliberada.es\/wp-content\/uploads\/2020\/04\/IMG_2853-1-2048x1218.jpg 2048w\" sizes=\"auto, (max-width: 767px) 89vw, (max-width: 1000px) 54vw, (max-width: 1071px) 543px, 580px\" \/><figcaption>Foto de Jacqueline Alencar (Plaza Mayor de Salamanca)<br><\/figcaption><\/figure>\n\n\n\n<p>Infinitamente y de todas las formas hemos estado clamando por que se priorice la dignidad del hombre, creado a imagen y semejanza de Dios, y por tanto, no deber\u00edamos dudar ante dicho clamor. Rogamos por la justa distribuci\u00f3n de los recursos. Por lo equitativo, por lo igualitario. Y he aqu\u00ed que de pronto veo que hemos sido puestos en un mismo plano de igualdad. No son gratos estos dif\u00edciles momentos en los que oigo por todas partes la palabra \u2018unidad\u2019, \u2018todos juntos venceremos\u2019, t\u00fa puedes salvar vidas\u2019\u2026 Y me hicieron recordar un pasaje de la primera carta que el ap\u00f3stol Pablo escribiera a los Corintios:<\/p>\n\n\n\n<p>\u201c\u2026 <em>Mas ahora Dios ha colocado los miembros cada uno de ellos en el cuerpo, como \u00e9l quiso. Porque si todos fueran un solo miembro, \u00bfd\u00f3nde estar\u00eda el cuerpo? Pero ahora son muchos los miembros, pero el cuerpo es uno solo. Ni el ojo puede decir a la mano: No te necesito, ni tampoco la cabeza a los pies: No tengo necesidad de vosotros. Antes bien los miembros del cuerpo que parecen m\u00e1s d\u00e9biles, son los m\u00e1s necesarios; y a aquellos del cuerpo que nos parecen menos dignos, a estos vestimos m\u00e1s dignamente; y los que en nosotros son menos decorosos, se tratan con m\u00e1s decoro. Porque los que en nosotros son m\u00e1s decorosos, no tienen necesidad; pero Dios orden\u00f3 el cuerpo, dando m\u00e1s abundante honor al que le faltaba, para que no haya desavenencia en el cuerpo, sino que los miembros se preocupen los unos por los otros. De Manera que, si un miembro padece, todos los miembros se duelen con \u00e9l, y si un miembro recibe honra, todos los miembros con \u00e9l se gozan&#8230;\u201d<\/em>.<\/p>\n\n\n\n<!--nextpage-->\n\n\n\n<p>Y es como si resurgieran de las profundidades a la superficie. Yo misma sent\u00ed su eco cuando otrora las leyera y escuchara y me conmovieron en gran manera, pero con el paso del tiempo y de su desuso tambi\u00e9n las aparcara en un ba\u00fal con los dem\u00e1s recuerdos. Y he ah\u00ed que sus efectos se sent\u00edan todav\u00eda cuando en estos d\u00edas en los que somos blanco de un min\u00fasculo virus, el cual no hace acepciones, sino que nos ha puesto en plano de igualdad, pues no le importa nuestro color, raza, ideas pol\u00edticas, nacionalidad, etc., pues nos acecha a todos. Y aunque no es un ejemplo agradable, pens\u00e9 en una igualdad ideal, todos como hijos de Dios trabajando por esta tierra, formando un solo Cuerpo; salv\u00e1ndonos los unos a los otros, sea en el plano f\u00edsico o en el plano espiritual o de otro tipo, pues para ello Dios ha establecido dones. \u00bfQu\u00e9 tal nos ir\u00eda si cada uno cumpliera su cometido?, pregunt\u00e9.<\/p>\n\n\n\n<p>Si bien el ap\u00f3stol se est\u00e1 refiriendo al cuerpo que es la Iglesia, siendo la Cabeza el mismo Cristo, yo, con permiso, lo extrapolaba al mundo de hoy, donde todos sin excepci\u00f3n estamos siendo llamados a colaborar en esta carrera para llegar a la meta de superar esta pandemia. Se nos dice que todos somos imprescindibles, que nadie puede decir que no necesita del otro. No se lo podemos decir a los m\u00e9dicos, ni al camionero o al periodista. Todo lo que antes era peque\u00f1o ahora tiene un valor inmenso en este proyecto. Y si a alguien se le aplaude, o resurge a una nueva vida, los dem\u00e1s nos alegramos como si de nosotros se tratara. Y si se van apagando las vidas, crecen las cifras de contagiados, o hay desesperaci\u00f3n por la insuficiencia de los medios, nos conmovemos y entristecemos. Lloramos con los que lloran.<\/p>\n\n\n\n<p>Siento que de pronto todos los estamentos de la vida del hombre fueron puestos para mirarse y colaborar entre ellos. Me di cuenta de que otros exist\u00edan y sent\u00ed que me preocupaba. Hablo de m\u00ed pues primero tengo que estar bien <em><strong>en todos los sentidos<\/strong><\/em> para poder ser portadora de buenas noticias a los dem\u00e1s.<\/p>\n\n\n\n<p>Y han empezado a importarme todos los que en este momento padecen, sean de nuestro pa\u00eds Espa\u00f1a, sean de Italia, Canad\u00e1, Francia, El Salvador, Per\u00fa, Portugal, Bolivia, Costa Rica, Estados Unidos, Croacia, Ruman\u00eda, Nicaragua, Senegal, Ir\u00e1n, Ecuador, Brasil, Colombia o China. Me importa el personal sanitario, los de la limpieza, seguridad del Estado, nuestros gobernantes, los de las residencias, supermercados, camioneros, etc., etc., etc. De pronto la palabra salvaci\u00f3n se hace imprescindible. Y nadie debe quedarse al margen. No hay excepciones. Pues estamos en un mundo globalizado. Si un pa\u00eds estornuda al otro le afectar\u00e1. Si un pa\u00eds est\u00e1 en guerra esto no se quedar\u00e1 entre cuatro paredes, saldr\u00e1n contingentes de personas desesperadas buscando refugio en las zonas m\u00e1s pudientes del mundo, habr\u00e1 hambre. Si atento contra el medioambiente, m\u00e1s de los mismo. Si cunden la corrupci\u00f3n y los descalabros econ\u00f3micos y financieros, tambi\u00e9n. Hemos visto el derrumbe de las bolsas, la ca\u00edda del precio del petr\u00f3leo. Y ech\u00e9 un vistazo a los medios y vi que todo afecta a todos. Por eso ha sido hist\u00f3rico observar c\u00f3mo algunos pa\u00edses ofrecen ayuda sanitaria, mascarillas\u2026 Y mi coraz\u00f3n de piedra se iba tornando de carne, es decir, m\u00e1s humano; se conmov\u00eda, sent\u00eda que todos son sus seres queridos, sean de donde sean. Y ya nadie se asusta por sentirlo as\u00ed, ni miramos con extra\u00f1eza.<\/p>\n\n\n\n<p>El ejemplo invita a imitar. Tengo tiempo para repensar en el ejemplo de los que mucho antes dijeron \u2018Sed imitadores de m\u00ed\u2019, pues ellos imitaban a uno que nunca falla, su nombre es Jes\u00fas.<\/p>\n\n\n\n<p>Hemos sido llevados a un rinconcito de este mundo, de nuestra ciudad o pueblo, o barrio, para tener un momento para repensar, compartir, descansar y reflexionar; como ese par\u00f3n que muchas veces hemos querido tener para hacer una especie de balance y recomenzar como las \u00e1guilas, una vez renovados despu\u00e9s de habernos quitado todo aquello que ya no sirve. Y no vale volver otra vez al punto de partida. No estoy minimizando la situaci\u00f3n, pues me conmueve grandemente, pero sigo diciendo que Su mano me da seguridad aun sabiendo que me puede tocar, tal como lo pienso siempre. \u00bfQui\u00e9n soy yo para que no? Alguien muy valioso para Dios, pero s\u00e9 tambi\u00e9n que solo estoy de paso, y cuando est\u00e1s de paso est\u00e1s sujeto a los contratiempos de los que est\u00e1n de paso, y as\u00ed\u2026 Mas sabiendo que hay un puerto seguro donde al final recalaremos, porque hay una Esperanza firme.<\/p>\n\n\n\n<p>Mientras estamos de paso, me he dado cuenta que debemos prepararnos hasta que lleguemos a casa. Y he ah\u00ed que hay multitudes formando un gran cuerpo con personas que trabajando en conjunto podr\u00edan mejorar las condiciones de esta caminar f\u00edsico y espiritual que sin duda van de la mano. El confinamiento es mundial. Y no hemos sido nosotros mismos los que lo hemos presupuestado ni planificado. Y vuelvo a asirme de Su mano protectora. Que nos deja libertad tambi\u00e9n. La hemos tenido para la guerra, lanzar bombas, exterminar, utilizar armas qu\u00edmicas y bacteriol\u00f3gicas\u2026 Todo. Pero quiz\u00e1 haya llegado el momento de perge\u00f1ar otras estrategias, pues los resultados a mi modesto entender, un entender muy sencillo y desorganizado, por lo cual pido disculpas, no han sido buenos. El hombre es inteligente, creativo, con sentimientos, razonamiento, sabidur\u00eda\u2026 tiene todos los insumos para hacer grandes cosas, que ya las hace, pero tiene que ser para el bien com\u00fan, que no sea siempre solo para algunos, o que su precio sea tan exorbitante que impida tener acceso a ello, las vacunas, por ejemplo. O que solo pensemos en lucrar como alguno est\u00e1 haciendo estos d\u00edas.<\/p>\n\n\n\n<p>En estos d\u00edas hemos visto los beneficiosos efectos de la \u00e9tica, de los valores y virtudes que hasta hace poco nos asustaban. Hemos visto lo gozoso que es ayudar al otro. No todo es perfecto, pero podemos volver a empezar. Hoy pensamos en los m\u00e1s vulnerables, los que necesitan de m\u00e1s cuidado, lo cual me ha recordado las palabras de Jes\u00fas: \u201cLos que est\u00e1n sanos no tienen necesidad de m\u00e9dico, sino los enfermos. No he venido a llamar a justos, sino a pecadores al arrepentimiento\u201d. Sab\u00eda de nuestras necesidades f\u00edsicas y espirituales. Y que no nos asusten las palabras, pues arrepentimiento es algo que necesitamos todos los d\u00edas, pues a veces las sombras se posan sobre nosotros disipando la luz que ten\u00edamos al despuntar la aurora, hay como una voz que te recuerda d\u00f3nde est\u00e1 el verdadero camino por el que transitar, y es ah\u00ed donde reconocemos el desacierto y enrumbamos otra vez, pero de distinta manera, con miras de no volver atr\u00e1s. Y no a la ligera. Es la voz de nuestro Dios amado que llama con voz potente y autorizada para llevarnos por verdes pastos y donde las aguas son cristalinas, donde hay refugio seguro. Evadiendo el temor, aun andando en valle de sombra de muerte. Con voz firme, pero que tiene algo especial. Vislumbras una meta al escucharla. Y es que las palabras pueden desgastarse o asustar. Pero si su fin es para bien, tienen efectos edificantes y estimulantes. En estos d\u00edas de pandemia tambi\u00e9n escuch\u00e9 la palabra \u2018disciplina\u2019, y raro, a nadie parec\u00eda causarle rechazo, ni temor. Se nos dijo que si actu\u00e1bamos con disciplina, mejorar\u00edan los resultados que pretend\u00edamos. Y es que es algo necesario. La ejercitan los deportistas para alcanzar la meta, ya sea en los maratones u otro deporte. Y se ejercita en todos los \u00e1mbitos para alcanzar buenos frutos. Y as\u00ed la vio el ap\u00f3stol Pablo que la consider\u00f3 cuando habl\u00f3 de la carrera de la fe. Y all\u00ed estaba la disciplina como medio. <em>\u201c\u00bfNo sab\u00e9is que los que corren en el estadio, todos a la verdad corren, pero uno solo se lleva el premio? Corred de tal manera que lo obteng\u00e1is. Todo aquel que lucha de todo se abstiene; ellos a la verdad, para recibir una corona corruptible, pero nosotros, una incorruptible\u2026\u201d.<\/em><\/p>\n\n\n\n<p>Ganar esta carrera implica esforzarse, sacrificarse, comprometerse. Pero el premio es un se\u00f1uelo convincente. Y vuelvo a decir que hemos usado mal las palabras, quiz\u00e1 para azotar m\u00e1s que para persuadir o ense\u00f1ar y se ha deturpado su verdadero significado. Quiz\u00e1 debamos revisar las formas de decirlas para convencer. Y vuelvo a Pablo cuando dice: <em>\u201cMe he hecho d\u00e9bil a los d\u00e9biles, para ganar a los d\u00e9biles; a todos me he hecho de todo; para que de todos modos salve a alguno. Y esto hago a causa del Evangelio\u2026\u201d<\/em>.<\/p>\n\n\n\n<p>Pues basta de abatir, m\u00e1s bien estimulemos, animemos, oremos. Para que ejercitemos la humildad, la sencillez y la integridad. Hubo una vez que el cristianismo en Europa sent\u00f3 las bases de la democracia y de los derechos del hombre, ya que como dice Juan A. Mackay: \u201cPuesto que los hombres son de infinito valor a los ojos de Dios, deben ser tratados por sus semejantes con toda consideraci\u00f3n, y debe d\u00e1rseles todo g\u00e9nero de oportunidad para que cumplan su destino divino como hijos de Dios\u201d. \u00bfTe imaginas algo as\u00ed?<\/p>\n\n\n\n<p>Persuadidos de esto, podr\u00eda ser que desde esta perspectiva todas las partes deber\u00edan apostar por la concordia para reconstruir, cada uno desde su sitio, pero trabajando para el bien com\u00fan. Administrando justa y equitativamente los recursos. Si alguien pensaba sustraer algo de las arcas p\u00fablicas piense que le estar\u00eda mermando a los rubros dedicados a la sanidad, a la educaci\u00f3n, a todos los servicios p\u00fablicos, a las ayudas para los m\u00e1s vulnerables, a las becas, a la I+D\u2026 Apoyando los distintos acuerdos internacionales, sean para alcanzar la paz o para impulsar el desarrollo, como aquellos tan citados Objetivos de Desarrollo Sostenible (ODS) o los que tienen que ver con los refugiados. O con la esclavitud de nuestro siglo, por citar algunos. Nuestra actual situaci\u00f3n ha demostrado nuestra vulnerabilidad. Y este intermedio no puede ser en vano, est\u00e1 costando caro, la vida y la econom\u00eda de muchos. El coste social es muy alto. No, no puede ser para nada. No podemos volver al inicio. Todos debemos ganar, ya no debe de haber perdedores. Y la gracia no es barata.<\/p>\n\n\n\n<p>\u00bfY la iglesia? Solo repito las palabras de un te\u00f3logo alem\u00e1n: \u201c\u00bfQu\u00e9 iglesia es esa que solo abra la boca para defender a los miembros de su propia comunidad y no dice una palabra sobre la caza del hombre que simult\u00e1neamente est\u00e1 teniendo lugar fuera? (\u2026) La iglesia solo puede defender su propio espacio luchando no por ella, sino por el mundo, de lo contrario se convierte en una \u2018sociedad religiosa\u2019 que lucha solo por su propia causa, dejando de ser por eso la iglesia de Dios en el mundo (\u2026) solo se aprende a creer (seguir a Jes\u00fas) estando del todo a este lado de la vida\u201d.<\/p>\n\n\n\n<p>As\u00ed como Cristo que entr\u00f3 de lleno en la escena del mundo, la iglesia debe hacerlo como instrumento que es para la misi\u00f3n de Dios hacia el mundo. Un mundo donde hay personas que Dios ama.<\/p>\n\n\n\n<p>Infinitamente y de todas las formas hemos estado clamando por que se priorice la dignidad del hombre, creado a imagen y semejanza de Dios, y por tanto, no deber\u00edamos dudar ante dicho clamor. Rogamos por la justa distribuci\u00f3n de los recursos. Por lo equitativo, por lo igualitario. Y he aqu\u00ed que de pronto veo que hemos sido puestos en un mismo plano de igualdad. No son gratos estos dif\u00edciles momentos en los que oigo por todas partes la palabra \u2018unidad\u2019, \u2018todos juntos venceremos\u2019, t\u00fa puedes salvar vidas\u2019\u2026 Y me hicieron recordar un pasaje de la primera carta que el ap\u00f3stol Pablo escribiera a los Corintios:<\/p>\n\n\n\n<p>\u201c\u2026 <em>Mas ahora Dios ha colocado los miembros cada uno de ellos en el cuerpo, como \u00e9l quiso. Porque si todos fueran un solo miembro, \u00bfd\u00f3nde estar\u00eda el cuerpo? Pero ahora son muchos los miembros, pero el cuerpo es uno solo. Ni el ojo puede decir a la mano: No te necesito, ni tampoco la cabeza a los pies: No tengo necesidad de vosotros. Antes bien los miembros del cuerpo que parecen m\u00e1s d\u00e9biles, son los m\u00e1s necesarios; y a aquellos del cuerpo que nos parecen menos dignos, a estos vestimos m\u00e1s dignamente; y los que en nosotros son menos decorosos, se tratan con m\u00e1s decoro. Porque los que en nosotros son m\u00e1s decorosos, no tienen necesidad; pero Dios orden\u00f3 el cuerpo, dando m\u00e1s abundante honor al que le faltaba, para que no haya desavenencia en el cuerpo, sino que los miembros se preocupen los unos por los otros. De Manera que, si un miembro padece, todos los miembros se duelen con \u00e9l, y si un miembro recibe honra, todos los miembros con \u00e9l se gozan&#8230;\u201d<\/em>.<\/p>\n\n\n\n<p>Y es como si resurgieran de las profundidades a la superficie. Yo misma sent\u00ed su eco cuando otrora las leyera y escuchara y me conmovieron en gran manera, pero con el paso del tiempo y de su desuso tambi\u00e9n las aparcara en un ba\u00fal con los dem\u00e1s recuerdos. Y he ah\u00ed que sus efectos se sent\u00edan todav\u00eda cuando en estos d\u00edas en los que somos blanco de un min\u00fasculo virus, el cual no hace acepciones, sino que nos ha puesto en plano de igualdad, pues no le importa nuestro color, raza, ideas pol\u00edticas, nacionalidad, etc., pues nos acecha a todos. Y aunque no es un ejemplo agradable, pens\u00e9 en una igualdad ideal, todos como hijos de Dios trabajando por esta tierra, formando un solo Cuerpo; salv\u00e1ndonos los unos a los otros, sea en el plano f\u00edsico o en el plano espiritual o de otro tipo, pues para ello Dios ha establecido dones. \u00bfQu\u00e9 tal nos ir\u00eda si cada uno cumpliera su cometido?, pregunt\u00e9.<\/p>\n\n\n\n<p>Si bien el ap\u00f3stol se est\u00e1 refiriendo al cuerpo que es la Iglesia, siendo la Cabeza el mismo Cristo, yo, con permiso, lo extrapolaba al mundo de hoy, donde todos sin excepci\u00f3n estamos siendo llamados a colaborar en esta carrera para llegar a la meta de superar esta pandemia. Se nos dice que todos somos imprescindibles, que nadie puede decir que no necesita del otro. No se lo podemos decir a los m\u00e9dicos, ni al camionero o al periodista. Todo lo que antes era peque\u00f1o ahora tiene un valor inmenso en este proyecto. Y si a alguien se le aplaude, o resurge a una nueva vida, los dem\u00e1s nos alegramos como si de nosotros se tratara. Y si se van apagando las vidas, crecen las cifras de contagiados, o hay desesperaci\u00f3n por la insuficiencia de los medios, nos conmovemos y entristecemos. Lloramos con los que lloran.<\/p>\n\n\n\n<p>Siento que de pronto todos los estamentos de la vida del hombre fueron puestos para mirarse y colaborar entre ellos. Me di cuenta de que otros exist\u00edan y sent\u00ed que me preocupaba. Hablo de m\u00ed pues primero tengo que estar bien <em><strong>en todos los sentidos<\/strong><\/em> para poder ser portadora de buenas noticias a los dem\u00e1s.<\/p>\n\n\n\n<p>Y han empezado a importarme todos los que en este momento padecen, sean de nuestro pa\u00eds Espa\u00f1a, sean de Italia, Canad\u00e1, Francia, El Salvador, Per\u00fa, Portugal, Bolivia, Costa Rica, Estados Unidos, Croacia, Ruman\u00eda, Nicaragua, Senegal, Ir\u00e1n, Ecuador, Brasil, Colombia o China. Me importa el personal sanitario, los de la limpieza, seguridad del Estado, nuestros gobernantes, los de las residencias, supermercados, camioneros, etc., etc., etc. De pronto la palabra salvaci\u00f3n se hace imprescindible. Y nadie debe quedarse al margen. No hay excepciones. Pues estamos en un mundo globalizado. Si un pa\u00eds estornuda al otro le afectar\u00e1. Si un pa\u00eds est\u00e1 en guerra esto no se quedar\u00e1 entre cuatro paredes, saldr\u00e1n contingentes de personas desesperadas buscando refugio en las zonas m\u00e1s pudientes del mundo, habr\u00e1 hambre. Si atento contra el medioambiente, m\u00e1s de los mismo. Si cunden la corrupci\u00f3n y los descalabros econ\u00f3micos y financieros, tambi\u00e9n. Hemos visto el derrumbe de las bolsas, la ca\u00edda del precio del petr\u00f3leo. Y ech\u00e9 un vistazo a los medios y vi que todo afecta a todos. Por eso ha sido hist\u00f3rico observar c\u00f3mo algunos pa\u00edses ofrecen ayuda sanitaria, mascarillas\u2026 Y mi coraz\u00f3n de piedra se iba tornando de carne, es decir, m\u00e1s humano; se conmov\u00eda, sent\u00eda que todos son sus seres queridos, sean de donde sean. Y ya nadie se asusta por sentirlo as\u00ed, ni miramos con extra\u00f1eza.<\/p>\n\n\n\n<p>El ejemplo invita a imitar. Tengo tiempo para repensar en el ejemplo de los que mucho antes dijeron \u2018Sed imitadores de m\u00ed\u2019, pues ellos imitaban a uno que nunca falla, su nombre es Jes\u00fas.<\/p>\n\n\n\n<p>Hemos sido llevados a un rinconcito de este mundo, de nuestra ciudad o pueblo, o barrio, para tener un momento para repensar, compartir, descansar y reflexionar; como ese par\u00f3n que muchas veces hemos querido tener para hacer una especie de balance y recomenzar como las \u00e1guilas, una vez renovados despu\u00e9s de habernos quitado todo aquello que ya no sirve. Y no vale volver otra vez al punto de partida. No estoy minimizando la situaci\u00f3n, pues me conmueve grandemente, pero sigo diciendo que Su mano me da seguridad aun sabiendo que me puede tocar, tal como lo pienso siempre. \u00bfQui\u00e9n soy yo para que no? Alguien muy valioso para Dios, pero s\u00e9 tambi\u00e9n que solo estoy de paso, y cuando est\u00e1s de paso est\u00e1s sujeto a los contratiempos de los que est\u00e1n de paso, y as\u00ed\u2026 Mas sabiendo que hay un puerto seguro donde al final recalaremos, porque hay una Esperanza firme.<\/p>\n\n\n\n<p>Mientras estamos de paso, me he dado cuenta que debemos prepararnos hasta que lleguemos a casa. Y he ah\u00ed que hay multitudes formando un gran cuerpo con personas que trabajando en conjunto podr\u00edan mejorar las condiciones de esta caminar f\u00edsico y espiritual que sin duda van de la mano. El confinamiento es mundial. Y no hemos sido nosotros mismos los que lo hemos presupuestado ni planificado. Y vuelvo a asirme de Su mano protectora. Que nos deja libertad tambi\u00e9n. La hemos tenido para la guerra, lanzar bombas, exterminar, utilizar armas qu\u00edmicas y bacteriol\u00f3gicas\u2026 Todo. Pero quiz\u00e1 haya llegado el momento de perge\u00f1ar otras estrategias, pues los resultados a mi modesto entender, un entender muy sencillo y desorganizado, por lo cual pido disculpas, no han sido buenos. El hombre es inteligente, creativo, con sentimientos, razonamiento, sabidur\u00eda\u2026 tiene todos los insumos para hacer grandes cosas, que ya las hace, pero tiene que ser para el bien com\u00fan, que no sea siempre solo para algunos, o que su precio sea tan exorbitante que impida tener acceso a ello, las vacunas, por ejemplo. O que solo pensemos en lucrar como alguno est\u00e1 haciendo estos d\u00edas.<\/p>\n\n\n\n<p>En estos d\u00edas hemos visto los beneficiosos efectos de la \u00e9tica, de los valores y virtudes que hasta hace poco nos asustaban. Hemos visto lo gozoso que es ayudar al otro. No todo es perfecto, pero podemos volver a empezar. Hoy pensamos en los m\u00e1s vulnerables, los que necesitan de m\u00e1s cuidado, lo cual me ha recordado las palabras de Jes\u00fas: \u201cLos que est\u00e1n sanos no tienen necesidad de m\u00e9dico, sino los enfermos. No he venido a llamar a justos, sino a pecadores al arrepentimiento\u201d. Sab\u00eda de nuestras necesidades f\u00edsicas y espirituales. Y que no nos asusten las palabras, pues arrepentimiento es algo que necesitamos todos los d\u00edas, pues a veces las sombras se posan sobre nosotros disipando la luz que ten\u00edamos al despuntar la aurora, hay como una voz que te recuerda d\u00f3nde est\u00e1 el verdadero camino por el que transitar, y es ah\u00ed donde reconocemos el desacierto y enrumbamos otra vez, pero de distinta manera, con miras de no volver atr\u00e1s. Y no a la ligera. Es la voz de nuestro Dios amado que llama con voz potente y autorizada para llevarnos por verdes pastos y donde las aguas son cristalinas, donde hay refugio seguro. Evadiendo el temor, aun andando en valle de sombra de muerte. Con voz firme, pero que tiene algo especial. Vislumbras una meta al escucharla. Y es que las palabras pueden desgastarse o asustar. Pero si su fin es para bien, tienen efectos edificantes y estimulantes. En estos d\u00edas de pandemia tambi\u00e9n escuch\u00e9 la palabra \u2018disciplina\u2019, y raro, a nadie parec\u00eda causarle rechazo, ni temor. Se nos dijo que si actu\u00e1bamos con disciplina, mejorar\u00edan los resultados que pretend\u00edamos. Y es que es algo necesario. La ejercitan los deportistas para alcanzar la meta, ya sea en los maratones u otro deporte. Y se ejercita en todos los \u00e1mbitos para alcanzar buenos frutos. Y as\u00ed la vio el ap\u00f3stol Pablo que la consider\u00f3 cuando habl\u00f3 de la carrera de la fe. Y all\u00ed estaba la disciplina como medio. <em>\u201c\u00bfNo sab\u00e9is que los que corren en el estadio, todos a la verdad corren, pero uno solo se lleva el premio? Corred de tal manera que lo obteng\u00e1is. Todo aquel que lucha de todo se abstiene; ellos a la verdad, para recibir una corona corruptible, pero nosotros, una incorruptible\u2026\u201d.<\/em><\/p>\n\n\n\n<p>Ganar esta carrera implica esforzarse, sacrificarse, comprometerse. Pero el premio es un se\u00f1uelo convincente. Y vuelvo a decir que hemos usado mal las palabras, quiz\u00e1 para azotar m\u00e1s que para persuadir o ense\u00f1ar y se ha deturpado su verdadero significado. Quiz\u00e1 debamos revisar las formas de decirlas para convencer. Y vuelvo a Pablo cuando dice: <em>\u201cMe he hecho d\u00e9bil a los d\u00e9biles, para ganar a los d\u00e9biles; a todos me he hecho de todo; para que de todos modos salve a alguno. Y esto hago a causa del Evangelio\u2026\u201d<\/em>.<\/p>\n\n\n\n<p>Pues basta de abatir, m\u00e1s bien estimulemos, animemos, oremos. Para que ejercitemos la humildad, la sencillez y la integridad. Hubo una vez que el cristianismo en Europa sent\u00f3 las bases de la democracia y de los derechos del hombre, ya que como dice Juan A. Mackay: \u201cPuesto que los hombres son de infinito valor a los ojos de Dios, deben ser tratados por sus semejantes con toda consideraci\u00f3n, y debe d\u00e1rseles todo g\u00e9nero de oportunidad para que cumplan su destino divino como hijos de Dios\u201d. \u00bfTe imaginas algo as\u00ed?<\/p>\n\n\n\n<p>Persuadidos de esto, podr\u00eda ser que desde esta perspectiva todas las partes deber\u00edan apostar por la concordia para reconstruir, cada uno desde su sitio, pero trabajando para el bien com\u00fan. Administrando justa y equitativamente los recursos. Si alguien pensaba sustraer algo de las arcas p\u00fablicas piense que le estar\u00eda mermando a los rubros dedicados a la sanidad, a la educaci\u00f3n, a todos los servicios p\u00fablicos, a las ayudas para los m\u00e1s vulnerables, a las becas, a la I+D\u2026 Apoyando los distintos acuerdos internacionales, sean para alcanzar la paz o para impulsar el desarrollo, como aquellos tan citados Objetivos de Desarrollo Sostenible (ODS) o los que tienen que ver con los refugiados. O con la esclavitud de nuestro siglo, por citar algunos. Nuestra actual situaci\u00f3n ha demostrado nuestra vulnerabilidad. Y este intermedio no puede ser en vano, est\u00e1 costando caro, la vida y la econom\u00eda de muchos. El coste social es muy alto. No, no puede ser para nada. No podemos volver al inicio. Todos debemos ganar, ya no debe de haber perdedores. Y la gracia no es barata.<\/p>\n\n\n\n<p>\u00bfY la iglesia? Solo repito las palabras de un te\u00f3logo alem\u00e1n: \u201c\u00bfQu\u00e9 iglesia es esa que solo abra la boca para defender a los miembros de su propia comunidad y no dice una palabra sobre la caza del hombre que simult\u00e1neamente est\u00e1 teniendo lugar fuera? (\u2026) La iglesia solo puede defender su propio espacio luchando no por ella, sino por el mundo, de lo contrario se convierte en una \u2018sociedad religiosa\u2019 que lucha solo por su propia causa, dejando de ser por eso la iglesia de Dios en el mundo (\u2026) solo se aprende a creer (seguir a Jes\u00fas) estando del todo a este lado de la vida\u201d.<\/p>\n\n\n\n<p>As\u00ed como Cristo que entr\u00f3 de lleno en la escena del mundo, la iglesia debe hacerlo como instrumento que es para la misi\u00f3n de Dios hacia el mundo. Un mundo donde hay personas que Dios ama.<\/p>\n\n\n\n<p>Un abrazo fraternal.<\/p>\n\n\n\n<p><\/p>\n\n\n\n<figure class=\"wp-block-image size-large\"><img loading=\"lazy\" decoding=\"async\" width=\"768\" height=\"1024\" src=\"http:\/\/lapalabraliberada.es\/wp-content\/uploads\/2020\/04\/IMG_5593-1600x1200-1-768x1024.jpg\" alt=\"\" class=\"wp-image-120\" srcset=\"https:\/\/lapalabraliberada.es\/wp-content\/uploads\/2020\/04\/IMG_5593-1600x1200-1-768x1024.jpg 768w, https:\/\/lapalabraliberada.es\/wp-content\/uploads\/2020\/04\/IMG_5593-1600x1200-1-225x300.jpg 225w, https:\/\/lapalabraliberada.es\/wp-content\/uploads\/2020\/04\/IMG_5593-1600x1200-1-1152x1536.jpg 1152w, https:\/\/lapalabraliberada.es\/wp-content\/uploads\/2020\/04\/IMG_5593-1600x1200-1-1536x2048.jpg 1536w, https:\/\/lapalabraliberada.es\/wp-content\/uploads\/2020\/04\/IMG_5593-1600x1200-1.jpg 1600w\" sizes=\"auto, (max-width: 767px) 89vw, (max-width: 1000px) 54vw, (max-width: 1071px) 543px, 580px\" \/><figcaption>Foto de Gianni Darcomza (Urbino)<\/figcaption><\/figure>\n\n\n\n<p><em>Jacqueline Alencar Polanco (Cobija, Bolivia, 1961), es licenciada en Ciencias Econ\u00f3micas por la Universidad Federal de Mato Grosso (Brasil). Antes de venir a Espa\u00f1a, becada por la Diputaci\u00f3n de Salamanca, trabaj\u00f3 en instituciones p\u00fablicas en el \u00e1rea de planificaci\u00f3n y proyectos de desarrollo.&nbsp;Desde hace varios a\u00f1os, junto con su esposo, se dedica a la publicaci\u00f3n y correcci\u00f3n de libros de poes\u00eda y ensayo. Tambi\u00e9n realiza traducciones del portugu\u00e9s al castellano para algunas editoriales. Es directora de la revista &nbsp;\u201cSembradoras\u201d, desde su aparici\u00f3n en el a\u00f1o 2007 y colabora como voluntaria en Alianza Solidaria (AEE). Desde 2010 mantiene una columna dominical en el peri\u00f3dico Protestante Digital, adem\u00e1s de colaboraciones espor\u00e1dicas en&nbsp;Salamanca al D\u00eda&nbsp;y&nbsp;Tiber\u00edades.<\/em><\/p>\n\n\n\n<p><\/p>\n","protected":false},"excerpt":{"rendered":"<p>Art\u00edculo de Jacqueline Alencar Infinitamente y de todas las formas hemos estado clamando por que se priorice la dignidad del hombre, creado a imagen y semejanza de Dios, y por tanto, no deber\u00edamos dudar ante dicho clamor. Rogamos por la justa distribuci\u00f3n de los recursos. Por lo equitativo, por lo igualitario. Y he aqu\u00ed que &hellip; <\/p>\n<p class=\"link-more\"><a href=\"https:\/\/lapalabraliberada.es\/?p=119\" class=\"more-link\">Continuar leyendo<span class=\"screen-reader-text\"> \u00abTodo nos afecta a todos\u00bb<\/span><\/a><\/p>\n","protected":false},"author":2,"featured_media":0,"comment_status":"open","ping_status":"closed","sticky":false,"template":"","format":"standard","meta":{"footnotes":""},"categories":[3],"tags":[],"class_list":["post-119","post","type-post","status-publish","format-standard","hentry","category-el-hombre-y-lo-divino"],"_links":{"self":[{"href":"https:\/\/lapalabraliberada.es\/index.php?rest_route=\/wp\/v2\/posts\/119","targetHints":{"allow":["GET"]}}],"collection":[{"href":"https:\/\/lapalabraliberada.es\/index.php?rest_route=\/wp\/v2\/posts"}],"about":[{"href":"https:\/\/lapalabraliberada.es\/index.php?rest_route=\/wp\/v2\/types\/post"}],"author":[{"embeddable":true,"href":"https:\/\/lapalabraliberada.es\/index.php?rest_route=\/wp\/v2\/users\/2"}],"replies":[{"embeddable":true,"href":"https:\/\/lapalabraliberada.es\/index.php?rest_route=%2Fwp%2Fv2%2Fcomments&post=119"}],"version-history":[{"count":3,"href":"https:\/\/lapalabraliberada.es\/index.php?rest_route=\/wp\/v2\/posts\/119\/revisions"}],"predecessor-version":[{"id":126,"href":"https:\/\/lapalabraliberada.es\/index.php?rest_route=\/wp\/v2\/posts\/119\/revisions\/126"}],"wp:attachment":[{"href":"https:\/\/lapalabraliberada.es\/index.php?rest_route=%2Fwp%2Fv2%2Fmedia&parent=119"}],"wp:term":[{"taxonomy":"category","embeddable":true,"href":"https:\/\/lapalabraliberada.es\/index.php?rest_route=%2Fwp%2Fv2%2Fcategories&post=119"},{"taxonomy":"post_tag","embeddable":true,"href":"https:\/\/lapalabraliberada.es\/index.php?rest_route=%2Fwp%2Fv2%2Ftags&post=119"}],"curies":[{"name":"wp","href":"https:\/\/api.w.org\/{rel}","templated":true}]}}