{"id":127,"date":"2020-04-16T11:00:04","date_gmt":"2020-04-16T11:00:04","guid":{"rendered":"http:\/\/lapalabraliberada.es\/?p=127"},"modified":"2020-04-18T20:23:44","modified_gmt":"2020-04-18T20:23:44","slug":"una-nueva-tierra","status":"publish","type":"post","link":"https:\/\/lapalabraliberada.es\/?p=127","title":{"rendered":"Una nueva tierra"},"content":{"rendered":"\n<p>Poema de Luis Frayle Delgado<\/p>\n\n\n\n<p><\/p>\n\n\n\n<figure class=\"wp-block-image size-large\"><img loading=\"lazy\" decoding=\"async\" width=\"1024\" height=\"647\" src=\"http:\/\/lapalabraliberada.es\/wp-content\/uploads\/2020\/04\/Campo-de-girasoles-Salamanca.-Foto-J.Alencar-1024x647.jpg\" alt=\"\" class=\"wp-image-129\" srcset=\"https:\/\/lapalabraliberada.es\/wp-content\/uploads\/2020\/04\/Campo-de-girasoles-Salamanca.-Foto-J.Alencar-1024x647.jpg 1024w, https:\/\/lapalabraliberada.es\/wp-content\/uploads\/2020\/04\/Campo-de-girasoles-Salamanca.-Foto-J.Alencar-300x190.jpg 300w, https:\/\/lapalabraliberada.es\/wp-content\/uploads\/2020\/04\/Campo-de-girasoles-Salamanca.-Foto-J.Alencar-768x485.jpg 768w, https:\/\/lapalabraliberada.es\/wp-content\/uploads\/2020\/04\/Campo-de-girasoles-Salamanca.-Foto-J.Alencar-1536x971.jpg 1536w, https:\/\/lapalabraliberada.es\/wp-content\/uploads\/2020\/04\/Campo-de-girasoles-Salamanca.-Foto-J.Alencar-2048x1294.jpg 2048w\" sizes=\"auto, (max-width: 767px) 89vw, (max-width: 1000px) 54vw, (max-width: 1071px) 543px, 580px\" \/><figcaption>Campo de girasoles, Salamanca ( Foto J.Alencar)<br><\/figcaption><\/figure>\n\n\n\n<p>Se cubri\u00f3 de tiniebla<\/p>\n\n\n\n<p>nuestra casa.<\/p>\n\n\n\n<p>Un fr\u00edo \u00e1rido y cortante<\/p>\n\n\n\n<p>como largo cuchillo<\/p>\n\n\n\n<p>que tall\u00f3 la vida.<\/p>\n\n\n\n<p>La sombra de la Parca<\/p>\n\n\n\n<p>se bati\u00f3<\/p>\n\n\n\n<p>sobre esta tierra.<\/p>\n\n\n\n<p>Parece que han muerto<\/p>\n\n\n\n<p>las flores.<\/p>\n\n\n\n<p>Pero este Domingo<\/p>\n\n\n\n<p>tenemos esperanza.<\/p>\n\n\n\n<p>\u00a1Que resuciten los campos,<\/p>\n\n\n\n<p>los mares y los cielos!<\/p>\n\n\n\n<p><\/p>\n\n\n\n<p class=\"has-text-align-right\"><em>Pascua de Resurrecci\u00f3n, 12 de abril, 2020<\/em><\/p>\n\n\n\n<p><\/p>\n\n\n\n<figure class=\"wp-block-image size-large\"><img loading=\"lazy\" decoding=\"async\" width=\"950\" height=\"627\" src=\"http:\/\/lapalabraliberada.es\/wp-content\/uploads\/2020\/04\/Luis-Frayle-Delgado-foto-de-Jacqueline-Alencar.jpg\" alt=\"\" class=\"wp-image-128\" srcset=\"https:\/\/lapalabraliberada.es\/wp-content\/uploads\/2020\/04\/Luis-Frayle-Delgado-foto-de-Jacqueline-Alencar.jpg 950w, https:\/\/lapalabraliberada.es\/wp-content\/uploads\/2020\/04\/Luis-Frayle-Delgado-foto-de-Jacqueline-Alencar-300x198.jpg 300w, https:\/\/lapalabraliberada.es\/wp-content\/uploads\/2020\/04\/Luis-Frayle-Delgado-foto-de-Jacqueline-Alencar-768x507.jpg 768w\" sizes=\"auto, (max-width: 767px) 89vw, (max-width: 1000px) 54vw, (max-width: 1071px) 543px, 580px\" \/><figcaption>Luis Frayle Delgado (foto de Jacqueline Alencar)<br><\/figcaption><\/figure>\n\n\n\n<p>Luis FRAYLE DELGADO (Valverd\u00f3n, Salamanca, 1931), es fil\u00f3sofo, poeta, ensayista y traductor. Licenciado en Filosof\u00eda y Teolog\u00eda y bachiller en Lenguas cl\u00e1sicas. Ha sido Catedr\u00e1tico de Lat\u00edn y se ha especializado en la traducci\u00f3n de obras latinas de Pensadores universales, especialmente del Renacimiento y el Humanismo: ha traducido obras latinas de Dante Alighieri, G. W. Leibniz, Francisco de Vitoria, Juan Luis Vives, Leonhard Euler, Erasmo de Rotterdam y Cicer\u00f3n. Es miembro de la Sociedad Espa\u00f1ola Leibniz y colabora en la obra Leibniz en espa\u00f1ol (19 tomos). Autor pol\u00edgrafo, ha publicado casi medio centenar de libros y numerosos ensayos sobre temas filos\u00f3ficos y literarios en libros realizados en colaboraci\u00f3n y en revistas, adem\u00e1s de innumerables art\u00edculos period\u00edsticos.<\/p>\n","protected":false},"excerpt":{"rendered":"<p>Poema de Luis Frayle Delgado Se cubri\u00f3 de tiniebla nuestra casa. Un fr\u00edo \u00e1rido y cortante como largo cuchillo que tall\u00f3 la vida. La sombra de la Parca se bati\u00f3 sobre esta tierra. Parece que han muerto las flores. Pero este Domingo tenemos esperanza. \u00a1Que resuciten los campos, los mares y los cielos! Pascua de &hellip; <\/p>\n<p class=\"link-more\"><a href=\"https:\/\/lapalabraliberada.es\/?p=127\" class=\"more-link\">Continuar leyendo<span class=\"screen-reader-text\"> \u00abUna nueva tierra\u00bb<\/span><\/a><\/p>\n","protected":false},"author":2,"featured_media":0,"comment_status":"open","ping_status":"closed","sticky":false,"template":"","format":"standard","meta":{"footnotes":""},"categories":[4,3],"tags":[],"class_list":["post-127","post","type-post","status-publish","format-standard","hentry","category-albergue-poetico","category-el-hombre-y-lo-divino"],"_links":{"self":[{"href":"https:\/\/lapalabraliberada.es\/index.php?rest_route=\/wp\/v2\/posts\/127","targetHints":{"allow":["GET"]}}],"collection":[{"href":"https:\/\/lapalabraliberada.es\/index.php?rest_route=\/wp\/v2\/posts"}],"about":[{"href":"https:\/\/lapalabraliberada.es\/index.php?rest_route=\/wp\/v2\/types\/post"}],"author":[{"embeddable":true,"href":"https:\/\/lapalabraliberada.es\/index.php?rest_route=\/wp\/v2\/users\/2"}],"replies":[{"embeddable":true,"href":"https:\/\/lapalabraliberada.es\/index.php?rest_route=%2Fwp%2Fv2%2Fcomments&post=127"}],"version-history":[{"count":3,"href":"https:\/\/lapalabraliberada.es\/index.php?rest_route=\/wp\/v2\/posts\/127\/revisions"}],"predecessor-version":[{"id":155,"href":"https:\/\/lapalabraliberada.es\/index.php?rest_route=\/wp\/v2\/posts\/127\/revisions\/155"}],"wp:attachment":[{"href":"https:\/\/lapalabraliberada.es\/index.php?rest_route=%2Fwp%2Fv2%2Fmedia&parent=127"}],"wp:term":[{"taxonomy":"category","embeddable":true,"href":"https:\/\/lapalabraliberada.es\/index.php?rest_route=%2Fwp%2Fv2%2Fcategories&post=127"},{"taxonomy":"post_tag","embeddable":true,"href":"https:\/\/lapalabraliberada.es\/index.php?rest_route=%2Fwp%2Fv2%2Ftags&post=127"}],"curies":[{"name":"wp","href":"https:\/\/api.w.org\/{rel}","templated":true}]}}