{"id":139,"date":"2020-04-18T11:20:29","date_gmt":"2020-04-18T11:20:29","guid":{"rendered":"http:\/\/lapalabraliberada.es\/?p=139"},"modified":"2020-04-18T20:14:34","modified_gmt":"2020-04-18T20:14:34","slug":"marea","status":"publish","type":"post","link":"https:\/\/lapalabraliberada.es\/?p=139","title":{"rendered":"Marea"},"content":{"rendered":"\n<p>Poema de Tony Pe\u00f1a<\/p>\n\n\n\n<figure class=\"wp-block-image size-large\"><img loading=\"lazy\" decoding=\"async\" width=\"1024\" height=\"1024\" src=\"http:\/\/lapalabraliberada.es\/wp-content\/uploads\/2020\/04\/1x-1024x1024.jpg\" alt=\"\" class=\"wp-image-141\" srcset=\"https:\/\/lapalabraliberada.es\/wp-content\/uploads\/2020\/04\/1x-1024x1024.jpg 1024w, https:\/\/lapalabraliberada.es\/wp-content\/uploads\/2020\/04\/1x-300x300.jpg 300w, https:\/\/lapalabraliberada.es\/wp-content\/uploads\/2020\/04\/1x-150x150.jpg 150w, https:\/\/lapalabraliberada.es\/wp-content\/uploads\/2020\/04\/1x-768x767.jpg 768w, https:\/\/lapalabraliberada.es\/wp-content\/uploads\/2020\/04\/1x-100x100.jpg 100w, https:\/\/lapalabraliberada.es\/wp-content\/uploads\/2020\/04\/1x.jpg 1135w\" sizes=\"auto, (max-width: 767px) 89vw, (max-width: 1000px) 54vw, (max-width: 1071px) 543px, 580px\" \/><\/figure>\n\n\n\n<p>La madrugada certera acolmillaba babeante<\/p>\n\n\n\n<p>-como pu\u00f1alada fr\u00eda-<\/p>\n\n\n\n<p>el silencio,<\/p>\n\n\n\n<p class=\"has-text-align-center\">la soledad<\/p>\n\n\n\n<p class=\"has-text-align-center\">y la<\/p>\n\n\n\n<p>nostalgia&#8230;<\/p>\n\n\n\n<p>Entretanto yo<\/p>\n\n\n\n<p>navegaba sin rumbo,<\/p>\n\n\n\n<p>sobrio,<\/p>\n\n\n\n<p>et\u00e9reo&#8230;<\/p>\n\n\n\n<p>La marea jadeante<\/p>\n\n\n\n<p>terca y majadera,<\/p>\n\n\n\n<p>me empujaba con<\/p>\n\n\n\n<p>estr\u00e9pito<\/p>\n\n\n\n<p>a un puerto,<\/p>\n\n\n\n<p>a otro mar<\/p>\n\n\n\n<p>del que no soy su<\/p>\n\n\n\n<p>due\u00f1o,<\/p>\n\n\n\n<p>por ahora.<\/p>\n\n\n\n<p><\/p>\n\n\n\n<p>(Margarita despu\u00e9s de la lluvia. Tony Pe\u00f1a)<\/p>\n\n\n\n<figure class=\"wp-block-image size-large\"><img loading=\"lazy\" decoding=\"async\" width=\"570\" height=\"383\" src=\"http:\/\/lapalabraliberada.es\/wp-content\/uploads\/2020\/04\/Tony-Pe\u00f1a-leyendo-en-el-Teatro-Liceo-de-Salamanca-foto-de-Jos\u00e9-Amador-Mart\u00edn.jpg\" alt=\"\" class=\"wp-image-140\" srcset=\"https:\/\/lapalabraliberada.es\/wp-content\/uploads\/2020\/04\/Tony-Pe\u00f1a-leyendo-en-el-Teatro-Liceo-de-Salamanca-foto-de-Jos\u00e9-Amador-Mart\u00edn.jpg 570w, https:\/\/lapalabraliberada.es\/wp-content\/uploads\/2020\/04\/Tony-Pe\u00f1a-leyendo-en-el-Teatro-Liceo-de-Salamanca-foto-de-Jos\u00e9-Amador-Mart\u00edn-300x202.jpg 300w\" sizes=\"auto, (max-width: 570px) 100vw, 570px\" \/><figcaption>Tony Pe\u00f1a leyendo en el Teatro Liceo de Salamanca (foto de Jos\u00e9 Amador Mart\u00edn)<\/figcaption><\/figure>\n\n\n\n<p><em>Tony Pe\u00f1a (Santa Ana, El Salvador). Su labor literaria discurre entre la cotidianeidad interior, el humanismo, el amor en sus diversas manifestaciones y un acercamiento al erotismo. Algunos de sus poemas han sido publicados en la Revista Minerva, Universidad de El Salvador (Facultad Multidisciplinaria de Occidente), Revista \u201cPapyroflexia\u2026 La poes\u00eda despierta\u201d, Ciudad de Panam\u00e1, Panam\u00e1; y la Cabuda Cartonera Editorial, El Salvador. Ha participado en diversas lecturas de poes\u00eda, entre las que destacan el Encuentro Internacional de Poetas \u201cEl Turno del Ofendido\u201d Homenaje a Roque Dalton, 2008,2010; auspiciado por la Fundaci\u00f3n Met\u00e1fora, la \u201cJornada de Poes\u00eda por la Libertad de los Cinco en El Salvador\u201d, 2011, Festival de Poes\u00eda \u00abAmada Libertad llevada por el viento\u00bb, 2014, Lectura en Sala Binacional de Arte Francisco Moraz\u00e1n, Tegucigalpa, Honduras, 2016. Invitado en 2013, al V Festival Internacional de Poes\u00eda en Puerto Rico; en 2016, al XX Festival Internacional de Poes\u00eda de La Habana- al sur est\u00e1 la poes\u00eda, XIV<a href=\"https:\/\/www.laprensa.com.ni\/tag\/festival-internacional-de-poesia-de-granada\">Festival Internacional de Poes\u00eda de Granada<\/a>,2018. En 2019, Encuentro de Poetas La Espera Infinita, Progreso, Yoro. Honduras.-.Entre su obra est\u00e1: \u201cPoemas Cortos para Re\u00edr en Paz\u201d, \u201cDesde mis entra\u00f1as y otros poemas\u201d, \u00abTiempos de victoria\u00bb, \u00abPoem Art, In Santana City\u00bb, \u00abDimes y Diretes en Salsa a la Salvatore\u00bb y \u201cMargarita despu\u00e9s de la lluvia\u201d.&nbsp;<\/em>En octubre de 2018 particip\u00f3 como invitado en el<em>XXII Encuentro de Poetas Iberoamericanos celebrado en Salamanca.<\/em><\/p>\n","protected":false},"excerpt":{"rendered":"<p>Poema de Tony Pe\u00f1a La madrugada certera acolmillaba babeante -como pu\u00f1alada fr\u00eda- el silencio, la soledad y la nostalgia&#8230; Entretanto yo navegaba sin rumbo, sobrio, et\u00e9reo&#8230; La marea jadeante terca y majadera, me empujaba con estr\u00e9pito a un puerto, a otro mar del que no soy su due\u00f1o, por ahora. (Margarita despu\u00e9s de la lluvia. &hellip; <\/p>\n<p class=\"link-more\"><a href=\"https:\/\/lapalabraliberada.es\/?p=139\" class=\"more-link\">Continuar leyendo<span class=\"screen-reader-text\"> \u00abMarea\u00bb<\/span><\/a><\/p>\n","protected":false},"author":2,"featured_media":0,"comment_status":"open","ping_status":"closed","sticky":false,"template":"","format":"standard","meta":{"footnotes":""},"categories":[4],"tags":[],"class_list":["post-139","post","type-post","status-publish","format-standard","hentry","category-albergue-poetico"],"_links":{"self":[{"href":"https:\/\/lapalabraliberada.es\/index.php?rest_route=\/wp\/v2\/posts\/139","targetHints":{"allow":["GET"]}}],"collection":[{"href":"https:\/\/lapalabraliberada.es\/index.php?rest_route=\/wp\/v2\/posts"}],"about":[{"href":"https:\/\/lapalabraliberada.es\/index.php?rest_route=\/wp\/v2\/types\/post"}],"author":[{"embeddable":true,"href":"https:\/\/lapalabraliberada.es\/index.php?rest_route=\/wp\/v2\/users\/2"}],"replies":[{"embeddable":true,"href":"https:\/\/lapalabraliberada.es\/index.php?rest_route=%2Fwp%2Fv2%2Fcomments&post=139"}],"version-history":[{"count":2,"href":"https:\/\/lapalabraliberada.es\/index.php?rest_route=\/wp\/v2\/posts\/139\/revisions"}],"predecessor-version":[{"id":150,"href":"https:\/\/lapalabraliberada.es\/index.php?rest_route=\/wp\/v2\/posts\/139\/revisions\/150"}],"wp:attachment":[{"href":"https:\/\/lapalabraliberada.es\/index.php?rest_route=%2Fwp%2Fv2%2Fmedia&parent=139"}],"wp:term":[{"taxonomy":"category","embeddable":true,"href":"https:\/\/lapalabraliberada.es\/index.php?rest_route=%2Fwp%2Fv2%2Fcategories&post=139"},{"taxonomy":"post_tag","embeddable":true,"href":"https:\/\/lapalabraliberada.es\/index.php?rest_route=%2Fwp%2Fv2%2Ftags&post=139"}],"curies":[{"name":"wp","href":"https:\/\/api.w.org\/{rel}","templated":true}]}}