{"id":143,"date":"2020-04-18T20:13:33","date_gmt":"2020-04-18T20:13:33","guid":{"rendered":"http:\/\/lapalabraliberada.es\/?p=143"},"modified":"2020-04-18T20:13:33","modified_gmt":"2020-04-18T20:13:33","slug":"rio-tormes","status":"publish","type":"post","link":"https:\/\/lapalabraliberada.es\/?p=143","title":{"rendered":"R\u00edo Tormes"},"content":{"rendered":"\n<p>Poema de Gloria S\u00e1nchez<\/p>\n\n\n\n<figure class=\"wp-block-image size-large\"><img loading=\"lazy\" decoding=\"async\" width=\"1024\" height=\"640\" src=\"http:\/\/lapalabraliberada.es\/wp-content\/uploads\/2020\/04\/Foto-R\u00edo-Tormes-con-la-catedral-al-fondo.-Jacqueline-1024x640.jpg\" alt=\"\" class=\"wp-image-144\" srcset=\"https:\/\/lapalabraliberada.es\/wp-content\/uploads\/2020\/04\/Foto-R\u00edo-Tormes-con-la-catedral-al-fondo.-Jacqueline-1024x640.jpg 1024w, https:\/\/lapalabraliberada.es\/wp-content\/uploads\/2020\/04\/Foto-R\u00edo-Tormes-con-la-catedral-al-fondo.-Jacqueline-300x188.jpg 300w, https:\/\/lapalabraliberada.es\/wp-content\/uploads\/2020\/04\/Foto-R\u00edo-Tormes-con-la-catedral-al-fondo.-Jacqueline-768x480.jpg 768w, https:\/\/lapalabraliberada.es\/wp-content\/uploads\/2020\/04\/Foto-R\u00edo-Tormes-con-la-catedral-al-fondo.-Jacqueline-1536x960.jpg 1536w, https:\/\/lapalabraliberada.es\/wp-content\/uploads\/2020\/04\/Foto-R\u00edo-Tormes-con-la-catedral-al-fondo.-Jacqueline-2048x1280.jpg 2048w\" sizes=\"auto, (max-width: 767px) 89vw, (max-width: 1000px) 54vw, (max-width: 1071px) 543px, 580px\" \/><figcaption>Foto R\u00edo Tormes con la catedral al fondo.<\/figcaption><\/figure>\n\n\n\n<p class=\"has-text-align-center\">A la altura donde la catedral se divisa<\/p>\n\n\n\n<p class=\"has-text-align-center\">Fueron creciendo los juncos,<\/p>\n\n\n\n<p class=\"has-text-align-center\">Tormes silencioso y t\u00edmido<\/p>\n\n\n\n<p class=\"has-text-align-center\">Que junto a ellos te escondes<\/p>\n\n\n\n<p class=\"has-text-align-center\">Estrechando tu caudal,<\/p>\n\n\n\n<p class=\"has-text-align-center\">\u00a1Qu\u00e9 cerca de la ciudad cruzas!<\/p>\n\n\n\n<p class=\"has-text-align-center\">Y cruzas el puente<\/p>\n\n\n\n<p class=\"has-text-align-center\">Y sin asomar apenas<\/p>\n\n\n\n<p class=\"has-text-align-center\">Tu Lazarillo te observa<\/p>\n\n\n\n<p class=\"has-text-align-center\">y Tu agua viene y va.<\/p>\n\n\n\n<p class=\"has-text-align-center\">Tormes silencioso y t\u00edmido<\/p>\n\n\n\n<p class=\"has-text-align-center\">Que en silencio siempre cruzas<\/p>\n\n\n\n<p class=\"has-text-align-center\">Muy cerca de esta ciudad<\/p>\n\n\n\n<p class=\"has-text-align-center\">Donde un joven estudiante<\/p>\n\n\n\n<p class=\"has-text-align-center\">Siempre te pueda so\u00f1ar.<\/p>\n\n\n\n<p><\/p>\n\n\n\n<p class=\"has-text-align-left\"><em>Para Jacquelin <\/em><\/p>\n\n\n\n<figure class=\"wp-block-image size-large\"><img loading=\"lazy\" decoding=\"async\" width=\"1024\" height=\"612\" src=\"http:\/\/lapalabraliberada.es\/wp-content\/uploads\/2020\/04\/Gloria-S\u00e1nchez-leyendo-en-la-Universidad-de-salamanca-foto-de-Jos\u00e9-Amador-Mart\u00edn-1024x612.jpg\" alt=\"\" class=\"wp-image-147\" srcset=\"https:\/\/lapalabraliberada.es\/wp-content\/uploads\/2020\/04\/Gloria-S\u00e1nchez-leyendo-en-la-Universidad-de-salamanca-foto-de-Jos\u00e9-Amador-Mart\u00edn-1024x612.jpg 1024w, https:\/\/lapalabraliberada.es\/wp-content\/uploads\/2020\/04\/Gloria-S\u00e1nchez-leyendo-en-la-Universidad-de-salamanca-foto-de-Jos\u00e9-Amador-Mart\u00edn-300x179.jpg 300w, https:\/\/lapalabraliberada.es\/wp-content\/uploads\/2020\/04\/Gloria-S\u00e1nchez-leyendo-en-la-Universidad-de-salamanca-foto-de-Jos\u00e9-Amador-Mart\u00edn-768x459.jpg 768w, https:\/\/lapalabraliberada.es\/wp-content\/uploads\/2020\/04\/Gloria-S\u00e1nchez-leyendo-en-la-Universidad-de-salamanca-foto-de-Jos\u00e9-Amador-Mart\u00edn.jpg 1483w\" sizes=\"auto, (max-width: 767px) 89vw, (max-width: 1000px) 54vw, (max-width: 1071px) 543px, 580px\" \/><figcaption>Gloria S\u00e1nchez leyendo en la Universidad de salamanca (foto de Jos\u00e9 Amador Mart\u00edn)<\/figcaption><\/figure>\n\n\n\n<p>Gloria S\u00e1nchez. Poeta salmantina nacida hace sesenta y seis a\u00f1os en el pueblode Parada de Arriba. Ha participado en las XII ediciones del Encuentro Cristiano de Literatura, que anualmente se celebra en Salamanca con ocasi\u00f3n de la entrega del Premio Jorge Borrow. Tambi\u00e9n en dos ediciones de los Encuentros de Poetas Iberoamericanos, que organiza la Fundaci\u00f3n Salamanca Ciudad de Cultura y Saberes. Sus poemas se han publicado en el peri\u00f3dico Protestante Digital, Tiber\u00edades, Papeles del Martes, revista Sembradoras o en las antolog\u00edas \u2018No resignaci\u00f3n\u2019 (2018) y Palabras del Inocente (2014), entre otras.<\/p>\n","protected":false},"excerpt":{"rendered":"<p>Poema de Gloria S\u00e1nchez A la altura donde la catedral se divisa Fueron creciendo los juncos, Tormes silencioso y t\u00edmido Que junto a ellos te escondes Estrechando tu caudal, \u00a1Qu\u00e9 cerca de la ciudad cruzas! Y cruzas el puente Y sin asomar apenas Tu Lazarillo te observa y Tu agua viene y va. Tormes silencioso &hellip; <\/p>\n<p class=\"link-more\"><a href=\"https:\/\/lapalabraliberada.es\/?p=143\" class=\"more-link\">Continuar leyendo<span class=\"screen-reader-text\"> \u00abR\u00edo Tormes\u00bb<\/span><\/a><\/p>\n","protected":false},"author":2,"featured_media":0,"comment_status":"open","ping_status":"closed","sticky":false,"template":"","format":"standard","meta":{"footnotes":""},"categories":[4],"tags":[],"class_list":["post-143","post","type-post","status-publish","format-standard","hentry","category-albergue-poetico"],"_links":{"self":[{"href":"https:\/\/lapalabraliberada.es\/index.php?rest_route=\/wp\/v2\/posts\/143","targetHints":{"allow":["GET"]}}],"collection":[{"href":"https:\/\/lapalabraliberada.es\/index.php?rest_route=\/wp\/v2\/posts"}],"about":[{"href":"https:\/\/lapalabraliberada.es\/index.php?rest_route=\/wp\/v2\/types\/post"}],"author":[{"embeddable":true,"href":"https:\/\/lapalabraliberada.es\/index.php?rest_route=\/wp\/v2\/users\/2"}],"replies":[{"embeddable":true,"href":"https:\/\/lapalabraliberada.es\/index.php?rest_route=%2Fwp%2Fv2%2Fcomments&post=143"}],"version-history":[{"count":1,"href":"https:\/\/lapalabraliberada.es\/index.php?rest_route=\/wp\/v2\/posts\/143\/revisions"}],"predecessor-version":[{"id":148,"href":"https:\/\/lapalabraliberada.es\/index.php?rest_route=\/wp\/v2\/posts\/143\/revisions\/148"}],"wp:attachment":[{"href":"https:\/\/lapalabraliberada.es\/index.php?rest_route=%2Fwp%2Fv2%2Fmedia&parent=143"}],"wp:term":[{"taxonomy":"category","embeddable":true,"href":"https:\/\/lapalabraliberada.es\/index.php?rest_route=%2Fwp%2Fv2%2Fcategories&post=143"},{"taxonomy":"post_tag","embeddable":true,"href":"https:\/\/lapalabraliberada.es\/index.php?rest_route=%2Fwp%2Fv2%2Ftags&post=143"}],"curies":[{"name":"wp","href":"https:\/\/api.w.org\/{rel}","templated":true}]}}