{"id":193,"date":"2020-06-17T10:57:56","date_gmt":"2020-06-17T10:57:56","guid":{"rendered":"http:\/\/lapalabraliberada.es\/?p=193"},"modified":"2020-06-17T15:54:42","modified_gmt":"2020-06-17T15:54:42","slug":"el-espesor","status":"publish","type":"post","link":"https:\/\/lapalabraliberada.es\/?p=193","title":{"rendered":"EL ESPESOR"},"content":{"rendered":"\n<p>Poema de Dennis \u00c1vila<\/p>\n\n\n\n<figure class=\"wp-block-image size-large\"><img loading=\"lazy\" decoding=\"async\" width=\"1024\" height=\"684\" src=\"http:\/\/lapalabraliberada.es\/wp-content\/uploads\/2020\/06\/Foto-de-Jos\u00e9-Amador-Mart\u00edn-1024x684.jpg\" alt=\"\" class=\"wp-image-194\" srcset=\"https:\/\/lapalabraliberada.es\/wp-content\/uploads\/2020\/06\/Foto-de-Jos\u00e9-Amador-Mart\u00edn-1024x684.jpg 1024w, https:\/\/lapalabraliberada.es\/wp-content\/uploads\/2020\/06\/Foto-de-Jos\u00e9-Amador-Mart\u00edn-300x201.jpg 300w, https:\/\/lapalabraliberada.es\/wp-content\/uploads\/2020\/06\/Foto-de-Jos\u00e9-Amador-Mart\u00edn-768x513.jpg 768w, https:\/\/lapalabraliberada.es\/wp-content\/uploads\/2020\/06\/Foto-de-Jos\u00e9-Amador-Mart\u00edn-1536x1027.jpg 1536w, https:\/\/lapalabraliberada.es\/wp-content\/uploads\/2020\/06\/Foto-de-Jos\u00e9-Amador-Mart\u00edn.jpg 1791w\" sizes=\"auto, (max-width: 767px) 89vw, (max-width: 1000px) 54vw, (max-width: 1071px) 543px, 580px\" \/><figcaption><em>Foto de Jos\u00e9 Amador Mart\u00edn<\/em><\/figcaption><\/figure>\n\n\n\n<!--nextpage-->\n\n\n\n<p><\/p>\n\n\n\n<p><\/p>\n\n\n\n<p>Entrego la mirada a un pedazo de noche.<\/p>\n\n\n\n<p>De la unidad de mis intenciones<\/p>\n\n\n\n<p>depende mi centro.<\/p>\n\n\n\n<p>Soy un planeta abierto a una visi\u00f3n.<\/p>\n\n\n\n<p>La tierra es orden musical.<\/p>\n\n\n\n<p>Una cascada es un grito de agua.<\/p>\n\n\n\n<p>Me distraigo como un instrumento desafinado.<\/p>\n\n\n\n<p>Arpegios sudan por rodillas y codos.<\/p>\n\n\n\n<p>Escapo en breves cortocircuitos.<\/p>\n\n\n\n<p>Voy de un lado a otro en mi mente espacial.<\/p>\n\n\n\n<p>Todo es un vuelo de fractales;<\/p>\n\n\n\n<p>manubrios sin bit\u00e1cora<\/p>\n\n\n\n<p>en un camino inundado de caminos.<\/p>\n\n\n\n<p><\/p>\n\n\n\n<p><\/p>\n\n\n\n<figure class=\"wp-block-image size-large\"><img loading=\"lazy\" decoding=\"async\" width=\"1024\" height=\"625\" src=\"http:\/\/lapalabraliberada.es\/wp-content\/uploads\/2020\/06\/Dennis-\u00c1vila-1024x625.jpg\" alt=\"\" class=\"wp-image-195\" srcset=\"https:\/\/lapalabraliberada.es\/wp-content\/uploads\/2020\/06\/Dennis-\u00c1vila-1024x625.jpg 1024w, https:\/\/lapalabraliberada.es\/wp-content\/uploads\/2020\/06\/Dennis-\u00c1vila-300x183.jpg 300w, https:\/\/lapalabraliberada.es\/wp-content\/uploads\/2020\/06\/Dennis-\u00c1vila-768x468.jpg 768w, https:\/\/lapalabraliberada.es\/wp-content\/uploads\/2020\/06\/Dennis-\u00c1vila.jpg 1028w\" sizes=\"auto, (max-width: 767px) 89vw, (max-width: 1000px) 54vw, (max-width: 1071px) 543px, 580px\" \/><figcaption>Dennis \u00c1vila<\/figcaption><\/figure>\n\n\n\n<p><em>Dennis \u00c1vila (Tegucigalpa, Honduras, 1981), concentr\u00f3 sus <\/em><em>primeros libros de poes\u00eda en la antolog\u00eda \u2018Geometr\u00eda elemental\u2019 (Casa de Poes\u00eda, Costa Rica, 2014). En 2016, aparece \u2018La infancia es una pel\u00edcula de culto\u2019 (Ediciones Perro Azul, Costa Rica), reeditado en el Proyecto Editorial La Chifurnia (El Salvador, 2016), en Trabalis Editores (Puerto Rico, 2017), en Amargord Ediciones (Espa\u00f1a, 2018) y en New York Poetry Press (2019); \u2018Ropa Americana\u2019 (Amargord Ediciones, Espa\u00f1a, 2017), reeditado por Puertabierta Editores (M\u00e9xico, 2018); e \u2018Historia de la sed\u2019 (Amargord Ediciones, Espa\u00f1a, 2019). Ha participado en eventos literarios en Centroam\u00e9rica, Puerto Rico, Cuba, Bolivia, M\u00e9xico, Estados Unidos y Espa\u00f1a. Su poes\u00eda se encuentra seleccionada en diversas antolog\u00edas y ha sido traducida al portugu\u00e9s, ingl\u00e9s, rumano, \u00e1rabe e italiano.<\/em><\/p>\n\n\n\n<p><em>Un jurado, integrado por<\/em><em> Ant\u00f3nio Salvado, <\/em><em>Carmen Ruiz Barrionuevo<\/em><em>, Pilar Fern\u00e1ndez Labrador,<\/em><em>Jes\u00fas Fonseca,<\/em><em>Alfredo P\u00e9rez Alencart, Carlos Aganzo, Jos\u00e9 Mar\u00eda Mu\u00f1oz Quir\u00f3s,<\/em><em>Inmaculada Guadalupe Salas <\/em><em>y<\/em><em>David Mingo, con<\/em> <em>Victoria P\u00e9rez Castrillo como secretaria, concedi\u00f3 el prestigioso VII Premio Internacional de Poes\u00eda \u2018Pilar Fern\u00e1ndez Labrador\u2019 a su libro \u2018Los excesos milenarios\u2019, del cual forma este poema, in\u00e9dito hasta ahora. Agradecemos a la entidad convocante por este privilegio.<\/em><\/p>\n","protected":false},"excerpt":{"rendered":"<p>Poema de Dennis \u00c1vila<\/p>\n","protected":false},"author":2,"featured_media":0,"comment_status":"open","ping_status":"closed","sticky":false,"template":"","format":"standard","meta":{"footnotes":""},"categories":[4],"tags":[],"class_list":["post-193","post","type-post","status-publish","format-standard","hentry","category-albergue-poetico"],"_links":{"self":[{"href":"https:\/\/lapalabraliberada.es\/index.php?rest_route=\/wp\/v2\/posts\/193","targetHints":{"allow":["GET"]}}],"collection":[{"href":"https:\/\/lapalabraliberada.es\/index.php?rest_route=\/wp\/v2\/posts"}],"about":[{"href":"https:\/\/lapalabraliberada.es\/index.php?rest_route=\/wp\/v2\/types\/post"}],"author":[{"embeddable":true,"href":"https:\/\/lapalabraliberada.es\/index.php?rest_route=\/wp\/v2\/users\/2"}],"replies":[{"embeddable":true,"href":"https:\/\/lapalabraliberada.es\/index.php?rest_route=%2Fwp%2Fv2%2Fcomments&post=193"}],"version-history":[{"count":3,"href":"https:\/\/lapalabraliberada.es\/index.php?rest_route=\/wp\/v2\/posts\/193\/revisions"}],"predecessor-version":[{"id":203,"href":"https:\/\/lapalabraliberada.es\/index.php?rest_route=\/wp\/v2\/posts\/193\/revisions\/203"}],"wp:attachment":[{"href":"https:\/\/lapalabraliberada.es\/index.php?rest_route=%2Fwp%2Fv2%2Fmedia&parent=193"}],"wp:term":[{"taxonomy":"category","embeddable":true,"href":"https:\/\/lapalabraliberada.es\/index.php?rest_route=%2Fwp%2Fv2%2Fcategories&post=193"},{"taxonomy":"post_tag","embeddable":true,"href":"https:\/\/lapalabraliberada.es\/index.php?rest_route=%2Fwp%2Fv2%2Ftags&post=193"}],"curies":[{"name":"wp","href":"https:\/\/api.w.org\/{rel}","templated":true}]}}