{"id":199,"date":"2020-06-17T15:53:55","date_gmt":"2020-06-17T15:53:55","guid":{"rendered":"http:\/\/lapalabraliberada.es\/?p=199"},"modified":"2020-06-17T15:59:28","modified_gmt":"2020-06-17T15:59:28","slug":"sueno-textuado","status":"publish","type":"post","link":"https:\/\/lapalabraliberada.es\/?p=199","title":{"rendered":"Sue\u00f1o textuado"},"content":{"rendered":"\n<p>Poema de Gerardo Rodr\u00edguez<\/p>\n\n\n\n<figure class=\"wp-block-image size-large\"><img loading=\"lazy\" decoding=\"async\" width=\"960\" height=\"705\" src=\"http:\/\/lapalabraliberada.es\/wp-content\/uploads\/2020\/06\/Foto-de-Jos\u00e9-Amador-Mart\u00edn-1.jpg\" alt=\"\" class=\"wp-image-201\" srcset=\"https:\/\/lapalabraliberada.es\/wp-content\/uploads\/2020\/06\/Foto-de-Jos\u00e9-Amador-Mart\u00edn-1.jpg 960w, https:\/\/lapalabraliberada.es\/wp-content\/uploads\/2020\/06\/Foto-de-Jos\u00e9-Amador-Mart\u00edn-1-300x220.jpg 300w, https:\/\/lapalabraliberada.es\/wp-content\/uploads\/2020\/06\/Foto-de-Jos\u00e9-Amador-Mart\u00edn-1-768x564.jpg 768w\" sizes=\"auto, (max-width: 767px) 89vw, (max-width: 1000px) 54vw, (max-width: 1071px) 543px, 580px\" \/><figcaption><em>Foto de Jos\u00e9 Amador Mart\u00edn<\/em><\/figcaption><\/figure>\n\n\n\n<p class=\"has-text-align-right\"><em>Sentir la poes\u00eda es la forma figurada de vivirse<\/em><\/p>\n\n\n\n<p class=\"has-text-align-right\">Coelho Pacheco<\/p>\n\n\n\n<!--nextpage-->\n\n\n\n<p class=\"has-text-align-right\"><em>Porque la emoci\u00f3n intensa no cabe en la palabra:<\/em><\/p>\n\n\n\n<p class=\"has-text-align-right\"><em>tiene que descender al grito o subir al canto<\/em><\/p>\n\n\n\n<p class=\"has-text-align-right\">\u00c1lvaro de Campos<\/p>\n\n\n\n<p><\/p>\n\n\n\n<p>Me soy met\u00e1fora en constante hacerse:<\/p>\n\n\n\n<p>sombra encarnada en lindes verbales<\/p>\n\n\n\n<p>que avanza, sin tropezar con las palabras,<\/p>\n\n\n\n<p>en movimiento fugaz a la deriva,<\/p>\n\n\n\n<p>cuando el pensamiento agrieta<\/p>\n\n\n\n<p>la orfandad de donde crezco.<\/p>\n\n\n\n<p>Asediado por el asombro<\/p>\n\n\n\n<p>me encuentro en una ebriedad de signos<\/p>\n\n\n\n<p>buscando aquello que no tiene nombre,<\/p>\n\n\n\n<p>lo que ha perdido su forma<\/p>\n\n\n\n<p>al haber sido tocado por la lengua.<\/p>\n\n\n\n<p>En lucha conmigo mismo, me hablo por lo bajo:<\/p>\n\n\n\n<p>imito el siseo de la llovizna al caer sobre la brasa<\/p>\n\n\n\n<p>enervando una imagen para el fest\u00edn del habla.<\/p>\n\n\n\n<ul class=\"wp-block-list\"><li>&nbsp;<\/li><\/ul>\n\n\n\n<p>Aqu\u00ed, en esta lucidez extrema,<\/p>\n\n\n\n<p>el vac\u00edo dentro de s\u00ed mismo<\/p>\n\n\n\n<p>siente su ca\u00edda<\/p>\n\n\n\n<p>como tibia desgarradura<\/p>\n\n\n\n<p>que al golpe del aire se desvanece<\/p>\n\n\n\n<p>abriendo otro espacio<\/p>\n\n\n\n<p>para asentar el verbo.<\/p>\n\n\n\n<ul class=\"wp-block-list\"><li>&nbsp;<\/li><\/ul>\n\n\n\n<p>Mientras contemplo la oscuridad,<\/p>\n\n\n\n<p>mi voz flota en el aire<\/p>\n\n\n\n<p>y envuelve las im\u00e1genes de la memoria<\/p>\n\n\n\n<p>que el vierto en la invenci\u00f3n de este poema,<\/p>\n\n\n\n<p>entrelazando en su escritura<\/p>\n\n\n\n<p>la vehemencia de la noche vencida por las palabras.<\/p>\n\n\n\n<ul class=\"wp-block-list\"><li>&nbsp;<\/li><\/ul>\n\n\n\n<p>Con labios ah\u00edtos de ceniza amarga<\/p>\n\n\n\n<p>deletreo hasta el desvar\u00edo<\/p>\n\n\n\n<p>la estridente palabra<\/p>\n\n\n\n<p>con la que dar\u00e9 a la noche su nombre.<\/p>\n\n\n\n<ul class=\"wp-block-list\"><li>&nbsp;<\/li><\/ul>\n\n\n\n<p>Qu\u00e9 rezones me han impulsado<\/p>\n\n\n\n<p>desde el comienzo del habla,<\/p>\n\n\n\n<p>a consumirme entre fr\u00e1giles s\u00edlabas<\/p>\n\n\n\n<p>buscando en d\u00f3nde el silencio<\/p>\n\n\n\n<p>se ha convertido en sombra.<\/p>\n\n\n\n<ul class=\"wp-block-list\"><li>&nbsp;<\/li><\/ul>\n\n\n\n<p>Del sedimento,<\/p>\n\n\n\n<p>de mis restos me forjo<\/p>\n\n\n\n<p>sobre jirones de silencio.<\/p>\n\n\n\n<p>Soy el que avanza<\/p>\n\n\n\n<p>mientras madura el barro para crear un texto.<\/p>\n\n\n\n<p>Entonces, por encima de cualquier posibilidad,<\/p>\n\n\n\n<p>descubro que todo inicio<\/p>\n\n\n\n<p>es un puente tendido sobre el regazo de la niebla,<\/p>\n\n\n\n<p>por \u00e9l transcurro sin saber en qu\u00e9 instante habito<\/p>\n\n\n\n<p>padeciendo un sonido<\/p>\n\n\n\n<p>que s\u00f3lo es audible cuando se le piensa.<\/p>\n\n\n\n<ul class=\"wp-block-list\"><li>&nbsp;<\/li><\/ul>\n\n\n\n<p>Me basta con saberme forjador de palabras<\/p>\n\n\n\n<p>y asistir a la fundaci\u00f3n de las ficciones<\/p>\n\n\n\n<p>que pueblan de cantos mi sue\u00f1o heredado,<\/p>\n\n\n\n<p>deseando encarnar en los versos<\/p>\n\n\n\n<p>a los que me sujeto<\/p>\n\n\n\n<p>para observar con los ojos llenos de noche,<\/p>\n\n\n\n<p>si a\u00fan soy semejante a mi nombre.<\/p>\n\n\n\n<p><\/p>\n\n\n\n<figure class=\"wp-block-image size-large\"><img loading=\"lazy\" decoding=\"async\" width=\"1024\" height=\"732\" src=\"http:\/\/lapalabraliberada.es\/wp-content\/uploads\/2020\/06\/Gerardo-Rodr\u00edguez-en-Castelo-Branco-foto-de-Jacqueline-Alencar-1024x732.jpg\" alt=\"\" class=\"wp-image-200\" srcset=\"https:\/\/lapalabraliberada.es\/wp-content\/uploads\/2020\/06\/Gerardo-Rodr\u00edguez-en-Castelo-Branco-foto-de-Jacqueline-Alencar-1024x732.jpg 1024w, https:\/\/lapalabraliberada.es\/wp-content\/uploads\/2020\/06\/Gerardo-Rodr\u00edguez-en-Castelo-Branco-foto-de-Jacqueline-Alencar-300x214.jpg 300w, https:\/\/lapalabraliberada.es\/wp-content\/uploads\/2020\/06\/Gerardo-Rodr\u00edguez-en-Castelo-Branco-foto-de-Jacqueline-Alencar-768x549.jpg 768w, https:\/\/lapalabraliberada.es\/wp-content\/uploads\/2020\/06\/Gerardo-Rodr\u00edguez-en-Castelo-Branco-foto-de-Jacqueline-Alencar-1536x1098.jpg 1536w, https:\/\/lapalabraliberada.es\/wp-content\/uploads\/2020\/06\/Gerardo-Rodr\u00edguez-en-Castelo-Branco-foto-de-Jacqueline-Alencar-2048x1464.jpg 2048w\" sizes=\"auto, (max-width: 767px) 89vw, (max-width: 1000px) 54vw, (max-width: 1071px) 543px, 580px\" \/><figcaption>Gerardo Rodr\u00edguez en Castelo Branco (foto de Jacqueline Alencar)<\/figcaption><\/figure>\n\n\n\n<p><em><strong>Gerardo Rodr\u00edguez<\/strong>(M\u00e9xico D.F., 1960). Ha publicado los libros \u2018Donde la noche\u2019 (1996, Editorial Verdehalago), \u2018Un blues para el insomnio\u2019 (Conaculta, 2004) y \u2018Con los restos del Viol\u00edn\u2019 (Hebel, 2016, Acc\u00e9sit del Premio Francisco de Aldana, publicado en edici\u00f3n biling\u00fce). Poemas suyos est\u00e1n incluidos en las antolog\u00edas Montante, Los ojos del espejo, El silencio, Y el laurel, Luz de lunes, Cosecha de luz, La perversa mirada, Cruzar los puentes, El coraz\u00f3n de la llama, Con un reloj de sombra, 17 maneras de lanzarse al vac\u00edo, Escrito estar\u00e1 otro cielo, Yo no lo sed desierto y Encuentro de Poes\u00eda CALCO 2014 (Cali, Colombia). Fue finalista del Premio Internacional de Poes\u00eda \u201cPilar Fern\u00e1ndez Labrador\u201d (Salamanca, Espa\u00f1a, 2017); ganador del I Premio Internacional de Poes\u00eda Ant\u00f3nio Salvado-Ciudad de Castelo Branco (Portugal), por su libro \u201cPoemas de almanaque para entretener marionetas\u201d (2019, edici\u00f3n biling\u00fce castellano-portugu\u00e9s), y ganador del IV Premio Internacional \u2018Francisco de Aldana\u2019 de Poes\u00eda en Lengua Castellana, <strong>c<\/strong>onvocado desde N\u00e1poles por elCircolo Letterario Napoletano<strong>, <\/strong>por su libro\u201cLa \u00faltima marea borra la sombra de la higuera\u201d (2019, edici\u00f3n biling\u00fce castellano-italiano).<\/em><\/p>\n","protected":false},"excerpt":{"rendered":"<p>Poema de Gerardo Rodr\u00edguez Sentir la poes\u00eda es la forma figurada de vivirse Coelho Pacheco<\/p>\n","protected":false},"author":2,"featured_media":0,"comment_status":"open","ping_status":"closed","sticky":false,"template":"","format":"standard","meta":{"footnotes":""},"categories":[4],"tags":[],"class_list":["post-199","post","type-post","status-publish","format-standard","hentry","category-albergue-poetico"],"_links":{"self":[{"href":"https:\/\/lapalabraliberada.es\/index.php?rest_route=\/wp\/v2\/posts\/199","targetHints":{"allow":["GET"]}}],"collection":[{"href":"https:\/\/lapalabraliberada.es\/index.php?rest_route=\/wp\/v2\/posts"}],"about":[{"href":"https:\/\/lapalabraliberada.es\/index.php?rest_route=\/wp\/v2\/types\/post"}],"author":[{"embeddable":true,"href":"https:\/\/lapalabraliberada.es\/index.php?rest_route=\/wp\/v2\/users\/2"}],"replies":[{"embeddable":true,"href":"https:\/\/lapalabraliberada.es\/index.php?rest_route=%2Fwp%2Fv2%2Fcomments&post=199"}],"version-history":[{"count":2,"href":"https:\/\/lapalabraliberada.es\/index.php?rest_route=\/wp\/v2\/posts\/199\/revisions"}],"predecessor-version":[{"id":205,"href":"https:\/\/lapalabraliberada.es\/index.php?rest_route=\/wp\/v2\/posts\/199\/revisions\/205"}],"wp:attachment":[{"href":"https:\/\/lapalabraliberada.es\/index.php?rest_route=%2Fwp%2Fv2%2Fmedia&parent=199"}],"wp:term":[{"taxonomy":"category","embeddable":true,"href":"https:\/\/lapalabraliberada.es\/index.php?rest_route=%2Fwp%2Fv2%2Fcategories&post=199"},{"taxonomy":"post_tag","embeddable":true,"href":"https:\/\/lapalabraliberada.es\/index.php?rest_route=%2Fwp%2Fv2%2Ftags&post=199"}],"curies":[{"name":"wp","href":"https:\/\/api.w.org\/{rel}","templated":true}]}}