{"id":206,"date":"2020-06-17T16:15:00","date_gmt":"2020-06-17T16:15:00","guid":{"rendered":"http:\/\/lapalabraliberada.es\/?p=206"},"modified":"2020-06-17T16:15:00","modified_gmt":"2020-06-17T16:15:00","slug":"elogio-de-la-vida-imperfecta","status":"publish","type":"post","link":"https:\/\/lapalabraliberada.es\/?p=206","title":{"rendered":"Elogio de la vida imperfecta"},"content":{"rendered":"\n<p>Jes\u00fas Fonseca<\/p>\n\n\n\n<p><\/p>\n\n\n\n<figure class=\"wp-block-image size-large\"><img loading=\"lazy\" decoding=\"async\" width=\"1024\" height=\"753\" src=\"http:\/\/lapalabraliberada.es\/wp-content\/uploads\/2020\/06\/Foto-de-Jos\u00e9-Amador-Mart\u00edn-2-1024x753.jpg\" alt=\"\" class=\"wp-image-207\" srcset=\"https:\/\/lapalabraliberada.es\/wp-content\/uploads\/2020\/06\/Foto-de-Jos\u00e9-Amador-Mart\u00edn-2-1024x753.jpg 1024w, https:\/\/lapalabraliberada.es\/wp-content\/uploads\/2020\/06\/Foto-de-Jos\u00e9-Amador-Mart\u00edn-2-300x221.jpg 300w, https:\/\/lapalabraliberada.es\/wp-content\/uploads\/2020\/06\/Foto-de-Jos\u00e9-Amador-Mart\u00edn-2-768x565.jpg 768w, https:\/\/lapalabraliberada.es\/wp-content\/uploads\/2020\/06\/Foto-de-Jos\u00e9-Amador-Mart\u00edn-2-1536x1130.jpg 1536w, https:\/\/lapalabraliberada.es\/wp-content\/uploads\/2020\/06\/Foto-de-Jos\u00e9-Amador-Mart\u00edn-2.jpg 1980w\" sizes=\"auto, (max-width: 767px) 89vw, (max-width: 1000px) 54vw, (max-width: 1071px) 543px, 580px\" \/><figcaption>Foto de Jos\u00e9 Amador Mart\u00edn<br><\/figcaption><\/figure>\n\n\n\n<!--nextpage-->\n\n\n\n<p>Cuando David se dispone a dar la batalla contra Goliat, Sa\u00fal lo protege con una armadura de aqu\u00ed te espero. Pero el muchacho, con esos arreos encima, apenas logra moverse, por lo que se libra inmediatamente de aquellos capisayos y avanza desnudo, como vino al mundo, contra el enemigo. Y as\u00ed, provisto de una honda con cinco cantos rodados, vence al gigante.<\/p>\n\n\n\n<p>Triunfa el que parec\u00eda m\u00e1s fr\u00e1gil. Entender la imperfecci\u00f3n de la vida y saber lidiar con ella es, tal vez, una de las mayores pruebas de sensatez humana. \u00bfQui\u00e9n no est\u00e1 sujeto a irritantes imperfecciones? Por eso es&nbsp; m\u00e1s razonable asumir las propias limitaciones, que ir sobrado por la vida. Como es m\u00e1s inteligente, tambi\u00e9n, sobrellevar con paciencia a los dem\u00e1s, en lugar de esperar que cambien para adaptarse a nosotros.<\/p>\n\n\n\n<p>A estas y otras vainas, que tienen que ver con lo quebradizo del ser humano, dedica su&nbsp;<em>Elogio de la vida imperfecta<\/em>&nbsp;Paolo Scquizzato, un escritor al que sigo de cerca, por su hondura y genialidad. Saber reconciliarse con los l\u00edmites y carencias que nos singularizan, nos humaniza a&nbsp; nosotros y a nuestras relaciones con los dem\u00e1s. La perfecci\u00f3n no existe en esta tierra. Todo est\u00e1 marcado por la fragilidad y las sombras. Descubrir que precisamente all\u00ed est\u00e1 nuestra riqueza, es el mejor negocio que podemos hacer.<\/p>\n\n\n\n<p>Para Scquizzato, nada de lo que llevamos&nbsp; dentro merece ser despreciado, por m\u00e1s endeble que parezca. Nada. En realidad, es bien larga la lista de personas imperfectas que a\u00fapan la vida, d\u00eda tras d\u00eda. Tal vez porque fueron conscientes de su verdad. Esa obstinaci\u00f3n en que deber\u00edamos ser de otra manera, para ser aceptados por los otros y hasta por Dios, no es una buena idea. No hay nada, dentro de nosotros, por m\u00e1s imperfecto que sea, por m\u00e1s limitados que seamos, que no nos ayude a crecer.<\/p>\n\n\n\n<p>Lo que importa es conocernos, aprender a hacer buen uso de nuestros l\u00edmites, para acoger y compartir. El resto es paisaje. Ganas de marear la perdiz e hinchar el perro. Nuestra flaqueza puede ser la fuerza m\u00e1s grande. \u00bfQui\u00e9n lo dir\u00eda? Cuando le tomamos el pulso a nuestros l\u00edmites, es cuando comenzamos a andar en la verdad y experimentamos la humildad que no es otra que cosa que \u00abandar en la verdad\u00bb, al decir de\u00a0 la Santa abulense. S\u00ed, nuestra endeblez, es una fuerza m\u00e1s grande que cualquier otra. \u00abCuando soy d\u00e9bil, entonces soy fuerte\u00bb, advierte Pablo de Tarso. Los perfectos no son gente de fiar.<\/p>\n\n\n\n<p><\/p>\n\n\n\n<figure class=\"wp-block-image size-large\"><img loading=\"lazy\" decoding=\"async\" width=\"570\" height=\"373\" src=\"http:\/\/lapalabraliberada.es\/wp-content\/uploads\/2020\/06\/Jes\u00fas-Fonseca-foto-de-Jos\u00e9-Amador-Mart\u00edn.jpg\" alt=\"\" class=\"wp-image-208\" srcset=\"https:\/\/lapalabraliberada.es\/wp-content\/uploads\/2020\/06\/Jes\u00fas-Fonseca-foto-de-Jos\u00e9-Amador-Mart\u00edn.jpg 570w, https:\/\/lapalabraliberada.es\/wp-content\/uploads\/2020\/06\/Jes\u00fas-Fonseca-foto-de-Jos\u00e9-Amador-Mart\u00edn-300x196.jpg 300w\" sizes=\"auto, (max-width: 570px) 100vw, 570px\" \/><figcaption>Jes\u00fas Fonseca (foto de Jos\u00e9 Amador Mart\u00edn)<\/figcaption><\/figure>\n\n\n\n<p><em>Jes\u00fas Fonseca Escart\u00edn (Canfranc- Estaci\u00f3n, Huesca,1952). Es poeta y licenciado en Ciencias de la Informaci\u00f3n por la Universidad Complutense de Madrid.Hasta hace unos meses dirigi\u00f3 la delegaci\u00f3n del peri\u00f3dico \u201cLa Raz\u00f3n\u201d en Castilla y Le\u00f3n, y el programa \u201cPalabras a medianoche\u201d de Castilla y Le\u00f3n Televisi\u00f3n. Ha sido corresponsal en Bruselas de Televisi\u00f3n Espa\u00f1ola y de ABC, y de este mismo diario en Portugal. Jefe de redacci\u00f3n de Blanco y Negro, dirigi\u00f3 tambi\u00e9n el diario \u201cInformaci\u00f3n\u201d de Alicante. Delegado de la Agencia Efe en Senegal, Guinea Ecuatorial, Colombia, Argentina y en Castilla y Le\u00f3n. Estuvo al frente de la direcci\u00f3n de Nacional de la Agencia Efe y de Informaci\u00f3n Nacional de los Servicios Informativos de Televisi\u00f3n Espa\u00f1ola. Tiene siete poemarios publicados y forma parte del prestigioso Premio Internacional de Poes\u00eda \u2018Pilar Fern\u00e1ndez Labrador\u2019 y miembro del Consejo Asesor de los Encuentros de Poetas Iberoamericanos que anualmente se celebran en Salamanca desde 1998.<\/em><\/p>\n","protected":false},"excerpt":{"rendered":"<p>Jes\u00fas Fonseca<\/p>\n","protected":false},"author":2,"featured_media":0,"comment_status":"open","ping_status":"closed","sticky":false,"template":"","format":"standard","meta":{"footnotes":""},"categories":[2],"tags":[],"class_list":["post-206","post","type-post","status-publish","format-standard","hentry","category-articulos-de-opinion"],"_links":{"self":[{"href":"https:\/\/lapalabraliberada.es\/index.php?rest_route=\/wp\/v2\/posts\/206","targetHints":{"allow":["GET"]}}],"collection":[{"href":"https:\/\/lapalabraliberada.es\/index.php?rest_route=\/wp\/v2\/posts"}],"about":[{"href":"https:\/\/lapalabraliberada.es\/index.php?rest_route=\/wp\/v2\/types\/post"}],"author":[{"embeddable":true,"href":"https:\/\/lapalabraliberada.es\/index.php?rest_route=\/wp\/v2\/users\/2"}],"replies":[{"embeddable":true,"href":"https:\/\/lapalabraliberada.es\/index.php?rest_route=%2Fwp%2Fv2%2Fcomments&post=206"}],"version-history":[{"count":1,"href":"https:\/\/lapalabraliberada.es\/index.php?rest_route=\/wp\/v2\/posts\/206\/revisions"}],"predecessor-version":[{"id":209,"href":"https:\/\/lapalabraliberada.es\/index.php?rest_route=\/wp\/v2\/posts\/206\/revisions\/209"}],"wp:attachment":[{"href":"https:\/\/lapalabraliberada.es\/index.php?rest_route=%2Fwp%2Fv2%2Fmedia&parent=206"}],"wp:term":[{"taxonomy":"category","embeddable":true,"href":"https:\/\/lapalabraliberada.es\/index.php?rest_route=%2Fwp%2Fv2%2Fcategories&post=206"},{"taxonomy":"post_tag","embeddable":true,"href":"https:\/\/lapalabraliberada.es\/index.php?rest_route=%2Fwp%2Fv2%2Ftags&post=206"}],"curies":[{"name":"wp","href":"https:\/\/api.w.org\/{rel}","templated":true}]}}